{"id":8997,"date":"2020-02-25T02:09:26","date_gmt":"2020-02-25T01:09:26","guid":{"rendered":"http:\/\/berlinhimmel.de\/?p=8997"},"modified":"2024-02-22T23:26:20","modified_gmt":"2024-02-22T22:26:20","slug":"berlinalereport-las-ninas","status":"publish","type":"post","link":"https:\/\/berlinhimmel.de\/en\/berlinalereport-las-ninas\/","title":{"rendered":"Berlinalereport &#8211; Las ni\u00f1as"},"content":{"rendered":"<p><b>Titel: Las ni\u00f1as | Schoolgirls | M\u00e4dchen<\/b><\/p>\n<p>The girls are all lined up in a girls&#8217; choir of a Catholic girls&#8217; school. A nun teaches them all, including Celia. She is banned from singing, along with a few other girls. They are just supposed to continue quietly with mouth exercises. Soon she becomes aware of the predominant austerity of this school where the girls spend their everyday life. When the new student Brisa (Zo\u00e9 Arnao) from Barcelona joins the class, she not only brings a new wind into the classroom, but creeping changes in Celia&#8217;s world view begin. The growing friendship with Brisa makes Celia increasingly question things, making her more rebellious. She begins to discover new music and goes to a club with her friends for the first time to dance and of course the first experiments with alcohol are not to be missed, although with a lot of caution. And of course the growing interest in her own body and its associated appearance also plays a growing role. Also at her home these changes and new desires do not pass her mother completely without a trace. She wishes for new clothes like Brisa is wearing, but she is always put off until the next month.<\/p>\n<figure id=\"attachment_8992\" aria-describedby=\"caption-attachment-8992\" style=\"width: 1024px\" class=\"wp-caption aligncenter\"><img loading=\"lazy\" decoding=\"async\" class=\"size-full wp-image-8992\" src=\"http:\/\/berlinhimmel.de\/wp\/wp-content\/uploads\/2020\/02\/2_Berlinale_Generation-Las_Ninas.jpg\" alt=\"\" width=\"1024\" height=\"576\" srcset=\"https:\/\/berlinhimmel.de\/wp\/wp-content\/uploads\/2020\/02\/2_Berlinale_Generation-Las_Ninas.jpg 1024w, https:\/\/berlinhimmel.de\/wp\/wp-content\/uploads\/2020\/02\/2_Berlinale_Generation-Las_Ninas-500x281.jpg 500w, https:\/\/berlinhimmel.de\/wp\/wp-content\/uploads\/2020\/02\/2_Berlinale_Generation-Las_Ninas-768x432.jpg 768w\" sizes=\"auto, (max-width: 1024px) 100vw, 1024px\" \/><figcaption id=\"caption-attachment-8992\" class=\"wp-caption-text\">Switch off for a short moment on the trampoline from the otherwise rather strict everyday school life in the girls&#8217; school | \u00a9 Inicia Films<\/figcaption><\/figure>\n<p><!--more-->She also begins to question her origins, wants to know what really happened to her father. This desire is fuelled above all by the fact that her clique talks about rumours concerning her mother. All these sudden changes don&#8217;t pass the school without leaving a trace, because the nuns have her under observation, especially after one of them saw her riding a motorcycle with a strange boy after her evening club visit. Promptly the mother was called to inform her about her daughter who was roaming around. The next morning, as a clearly noticeable punishment, she was called to the blackboard to solve a math problem, which she could not do. For this she immediately received a denunciation from the teacher in front of the whole class. But this does not stop Celia from rebelling against the school system again at the next opportunity together with Brisa and her mother also realizes that her daughter is no longer a child. In the end Celia has gathered so much strength that she breaks the circle and with visible pride she manages to do what she was granted at the beginning of the film.<\/p>\n<figure id=\"attachment_8990\" aria-describedby=\"caption-attachment-8990\" style=\"width: 1024px\" class=\"wp-caption aligncenter\"><img loading=\"lazy\" decoding=\"async\" class=\"size-full wp-image-8990\" src=\"http:\/\/berlinhimmel.de\/wp\/wp-content\/uploads\/2020\/02\/1_Berlinale_Generation-Las_Ninas.jpg\" alt=\"\" width=\"1024\" height=\"576\" srcset=\"https:\/\/berlinhimmel.de\/wp\/wp-content\/uploads\/2020\/02\/1_Berlinale_Generation-Las_Ninas.jpg 1024w, https:\/\/berlinhimmel.de\/wp\/wp-content\/uploads\/2020\/02\/1_Berlinale_Generation-Las_Ninas-500x281.jpg 500w, https:\/\/berlinhimmel.de\/wp\/wp-content\/uploads\/2020\/02\/1_Berlinale_Generation-Las_Ninas-768x432.jpg 768w, https:\/\/berlinhimmel.de\/wp\/wp-content\/uploads\/2020\/02\/1_Berlinale_Generation-Las_Ninas-300x168.jpg 300w\" sizes=\"auto, (max-width: 1024px) 100vw, 1024px\" \/><figcaption id=\"caption-attachment-8990\" class=\"wp-caption-text\">Celia is sitting in class with one of her friends | \u00a9 Inicia Films<\/figcaption><\/figure>\n<p><b>Conclution:<\/b><\/p>\n<p>This film as a whole has already moved me a lot. I was able to put myself in Celia&#8217;s shoes surprisingly well and every step she took forward was like throwing off a big load. In spite of the strictness that prevailed in the girls&#8217; school, she always found the strength and her own unique ways to jump over her own shadow and increasingly to fight against a rather questionable value system of the 90s (the time the film is set in) in Spain. I was especially impressed by a scene that took place in the confessional. She was asked by the priest to put away her sins, but she does not reveal them. In return, after a short silence out of the blue, she asks the question why you have to be married to have a child. But exactly these are the values that they wanted to teach the girls again and again until contraception was something immoral, just in the sense of the Catholic faith.<\/p>\n<p><b>Actors:<\/b><\/p>\n<ul>\n<li>Andrea Fandos (Celia)<\/li>\n<li>Natalia de Molina (Celias Mutter)<\/li>\n<li>Zo\u00e9 Arnao (Brisa)<\/li>\n<li>Julia Sierra (Cristina)<\/li>\n<li>Francesca Pi\u00f1\u00f3n (Mutter Consuelo)<\/li>\n<li>Ainara Nieto (Clara)<\/li>\n<li>Elisa Martinez (Leyre)<\/li>\n<li>Carlota Gurpegu\u00ed (Vanessa)<\/li>\n<li>Jesusa Aldany (Mutter Magdalena)<\/li>\n<li>Merc\u00e9 Marin\u00e9 (Celias Gro\u00dfmutter)<\/li>\n<\/ul>\n<p><b>Director:<span class=\"Apple-converted-space\">\u00a0<\/span><\/b><\/p>\n<p>Pilar Palomero<\/p>\n<p><strong>Information about the film including a short film excerpt:<\/strong><\/p>\n<p><a href=\"https:\/\/www.berlinale.de\/en\/programm\/programm\/detail.html?film_id=202011636\">https:\/\/www.berlinale.de\/en\/programm\/programm\/detail.html?film_id=202011636<\/a><\/p>\n","protected":false},"excerpt":{"rendered":"<p>Titel: Las ni\u00f1as | Schoolgirls | M\u00e4dchen The girls are all lined up in a girls&#8217; choir of a Catholic girls&#8217; school. A nun teaches them all, including Celia. She is banned from singing, along with a few other girls. They are just supposed to continue quietly with mouth exercises. Soon she becomes aware of [&hellip;]<\/p>\n","protected":false},"author":1,"featured_media":8990,"comment_status":"open","ping_status":"closed","sticky":false,"template":"","format":"standard","meta":{"footnotes":""},"categories":[396],"tags":[408,450,451,414],"class_list":["post-8997","post","type-post","status-publish","format-standard","has-post-thumbnail","hentry","category-uncategorized","tag-berlinale-en","tag-berlinale2020-en","tag-berlinalereport2020-en","tag-generation-en","has-post-title","has-post-date","has-post-category","has-post-tag","has-post-comment","has-post-author",""],"aioseo_notices":[],"jetpack_featured_media_url":"https:\/\/berlinhimmel.de\/wp\/wp-content\/uploads\/2020\/02\/1_Berlinale_Generation-Las_Ninas.jpg","_links":{"self":[{"href":"https:\/\/berlinhimmel.de\/en\/wp-json\/wp\/v2\/posts\/8997","targetHints":{"allow":["GET"]}}],"collection":[{"href":"https:\/\/berlinhimmel.de\/en\/wp-json\/wp\/v2\/posts"}],"about":[{"href":"https:\/\/berlinhimmel.de\/en\/wp-json\/wp\/v2\/types\/post"}],"author":[{"embeddable":true,"href":"https:\/\/berlinhimmel.de\/en\/wp-json\/wp\/v2\/users\/1"}],"replies":[{"embeddable":true,"href":"https:\/\/berlinhimmel.de\/en\/wp-json\/wp\/v2\/comments?post=8997"}],"version-history":[{"count":11,"href":"https:\/\/berlinhimmel.de\/en\/wp-json\/wp\/v2\/posts\/8997\/revisions"}],"predecessor-version":[{"id":9025,"href":"https:\/\/berlinhimmel.de\/en\/wp-json\/wp\/v2\/posts\/8997\/revisions\/9025"}],"wp:featuredmedia":[{"embeddable":true,"href":"https:\/\/berlinhimmel.de\/en\/wp-json\/wp\/v2\/media\/8990"}],"wp:attachment":[{"href":"https:\/\/berlinhimmel.de\/en\/wp-json\/wp\/v2\/media?parent=8997"}],"wp:term":[{"taxonomy":"category","embeddable":true,"href":"https:\/\/berlinhimmel.de\/en\/wp-json\/wp\/v2\/categories?post=8997"},{"taxonomy":"post_tag","embeddable":true,"href":"https:\/\/berlinhimmel.de\/en\/wp-json\/wp\/v2\/tags?post=8997"}],"curies":[{"name":"wp","href":"https:\/\/api.w.org\/{rel}","templated":true}]}}